{"id":947,"date":"2014-04-16T13:53:59","date_gmt":"2014-04-16T13:53:59","guid":{"rendered":"http:\/\/polegarmente.me\/?p=947"},"modified":"2014-04-19T22:04:53","modified_gmt":"2014-04-19T22:04:53","slug":"nadir-afonso-o-tempo-nao-existe-jorge-campos","status":"publish","type":"post","link":"http:\/\/polegarmente.me\/?p=947","title":{"rendered":"Nadir Afonso \u2013 O tempo n\u00e3o existe, Jorge Campos"},"content":{"rendered":"<p><a href=\"http:\/\/polegarmente.me\/wp-content\/uploads\/2014\/04\/2936871486_530544bfaa_o.jpg\"><img loading=\"lazy\" class=\"size-medium wp-image-984 alignleft\" alt=\"2936871486_530544bfaa_o\" src=\"http:\/\/polegarmente.me\/wp-content\/uploads\/2014\/04\/2936871486_530544bfaa_o-300x197.jpg\" width=\"300\" height=\"197\" srcset=\"http:\/\/polegarmente.me\/wp-content\/uploads\/2014\/04\/2936871486_530544bfaa_o-300x197.jpg 300w, http:\/\/polegarmente.me\/wp-content\/uploads\/2014\/04\/2936871486_530544bfaa_o.jpg 700w\" sizes=\"(max-width: 300px) 100vw, 300px\" \/><\/a><\/p>\n<p>&nbsp;<\/p>\n<p>&nbsp;<\/p>\n<p>&nbsp;<\/p>\n<p>&nbsp;<\/p>\n<p>&nbsp;<\/p>\n<p>&nbsp;<\/p>\n<p style=\"text-align: left;\"><span style=\"line-height: 1.5em;\">Ficha T\u00e9cnica:<\/span><\/p>\n<p>T\u00edtulo: Nadir Afonso \u2013 O tempo n\u00e3o existe<br \/>\nRealiza\u00e7\u00e3o: Jorge Campos<br \/>\nFotografias: Ol\u00edvia da Silva<br \/>\nM\u00fasica: Dimitris Andrikopoulos<br \/>\nG\u00e9nero: Document\u00e1rio<br \/>\nCoprodu\u00e7\u00e3o: Funda\u00e7\u00e3o Nadir Afonso, ESMAE, Vig\u00edlia Filmes.<br \/>\nPortugal, 2012, 55\u2019<\/p>\n<p><strong>Harmonias Criativas<\/strong><\/p>\n<p style=\"text-align: justify;\">O document\u00e1rio <em>Nadir Afonso \u2013 o tempo n\u00e3o existe<\/em>\u00a0\u00e9 a objectiva\u00e7\u00e3o de chamamentos d\u00edspares que se harmonizam.<br \/>\nPor um lado, a obra cinematogr\u00e1fica \u00e9 a resposta consentida, logo, previamente sentida, por parte do realizador Jorge Campos a uma esp\u00e9cie de chamamento interior que esteve latente cerca de duas d\u00e9cadas. Design\u00e1-la, apenas, como o regresso do realizador a Nadir Afonso \u00e9 reduzir as harmonias criativas que se manifestam, no desenrolar do filme, ante o olhar do espectador-contemplador.<br \/>\nPor outro lado, o processo criativo do artista Nadir Afonso \u00e9 a resposta visceral ao chamamento inventivo-criativo que a obra reivindica.<br \/>\nE a primeira dificuldade para o realizador consistiu em saber escutar estes apelos, end\u00f3genos e ex\u00f3genos, espelhando-os harmoniosamente no filme.<br \/>\nJorge Campos percebeu, com mestria, que Nadir Afonso-artista \u00e9 indissoci\u00e1vel de Nadir Afonso-homem, transformando a c\u00e2mara de filmar na escolta segura do imperativo da autenticidade.<\/p>\n<div id=\"attachment_949\" style=\"width: 310px\" class=\"wp-caption aligncenter\"><a style=\"background-color: #f3f3f3; text-align: center; line-height: 1.5em;\" href=\"http:\/\/polegarmente.me\/wp-content\/uploads\/2014\/04\/8409501_WytPhNadir.jpeg\"><img aria-describedby=\"caption-attachment-949\" loading=\"lazy\" class=\"size-medium wp-image-949 \" title=\"Filmagens do document\u00e1rio\" alt=\"Filmagens do document\u00e1rio\" src=\"http:\/\/polegarmente.me\/wp-content\/uploads\/2014\/04\/8409501_WytPhNadir-300x225.jpeg\" width=\"300\" height=\"225\" srcset=\"http:\/\/polegarmente.me\/wp-content\/uploads\/2014\/04\/8409501_WytPhNadir-300x225.jpeg 300w, http:\/\/polegarmente.me\/wp-content\/uploads\/2014\/04\/8409501_WytPhNadir-240x180.jpeg 240w, http:\/\/polegarmente.me\/wp-content\/uploads\/2014\/04\/8409501_WytPhNadir.jpeg 500w\" sizes=\"(max-width: 300px) 100vw, 300px\" \/><\/a><p id=\"caption-attachment-949\" class=\"wp-caption-text\">Filmagens do document\u00e1rio<\/p><\/div>\n<p style=\"text-align: center;\">\u00a0<a href=\"http:\/\/polegarmente.me\/wp-content\/uploads\/2014\/04\/Nadir-Afonso-e-J-Campos.jpg\"><img loading=\"lazy\" class=\"aligncenter size-medium wp-image-956\" alt=\"Nadir Afonso e J Campos\" src=\"http:\/\/polegarmente.me\/wp-content\/uploads\/2014\/04\/Nadir-Afonso-e-J-Campos-300x168.jpg\" width=\"300\" height=\"168\" srcset=\"http:\/\/polegarmente.me\/wp-content\/uploads\/2014\/04\/Nadir-Afonso-e-J-Campos-300x168.jpg 300w, http:\/\/polegarmente.me\/wp-content\/uploads\/2014\/04\/Nadir-Afonso-e-J-Campos.jpg 800w\" sizes=\"(max-width: 300px) 100vw, 300px\" \/><\/a><\/p>\n<p><a href=\"http:\/\/polegarmente.me\/wp-content\/uploads\/2014\/04\/8684285_nmIgoNadir.jpeg\"><img loading=\"lazy\" class=\"aligncenter size-medium wp-image-951\" alt=\"8684285_nmIgoNadir\" src=\"http:\/\/polegarmente.me\/wp-content\/uploads\/2014\/04\/8684285_nmIgoNadir-300x168.jpeg\" width=\"300\" height=\"168\" srcset=\"http:\/\/polegarmente.me\/wp-content\/uploads\/2014\/04\/8684285_nmIgoNadir-300x168.jpeg 300w, http:\/\/polegarmente.me\/wp-content\/uploads\/2014\/04\/8684285_nmIgoNadir.jpeg 500w\" sizes=\"(max-width: 300px) 100vw, 300px\" \/><\/a><\/p>\n<p>&nbsp;<\/p>\n<p><a href=\"http:\/\/polegarmente.me\/wp-content\/uploads\/2014\/04\/15604965_uvv05.jpeg\"><img loading=\"lazy\" class=\"aligncenter size-medium wp-image-980\" alt=\"15604965_uvv05\" src=\"http:\/\/polegarmente.me\/wp-content\/uploads\/2014\/04\/15604965_uvv05-300x200.jpeg\" width=\"300\" height=\"200\" srcset=\"http:\/\/polegarmente.me\/wp-content\/uploads\/2014\/04\/15604965_uvv05-300x200.jpeg 300w, http:\/\/polegarmente.me\/wp-content\/uploads\/2014\/04\/15604965_uvv05.jpeg 1024w\" sizes=\"(max-width: 300px) 100vw, 300px\" \/><\/a><\/p>\n<p style=\"text-align: justify;\">Enquanto Nadir Afonso busca incessantemente a harmonia morfom\u00e9trica \u2013 ess\u00eancia da obra de arte -, Jorge Campos busca a compreens\u00e3o da ess\u00eancia do homem que preexiste \u00e0 obra, descobrindo os alicerces da sua teoria est\u00e9tico-cosmol\u00f3gica numa teia na qual confluem as leituras do pai, a conviv\u00eancia com a tia Ricardina e as inquieta\u00e7\u00f5es com os c\u00e9us.<\/p>\n<div id=\"attachment_981\" style=\"width: 210px\" class=\"wp-caption aligncenter\"><a href=\"http:\/\/polegarmente.me\/wp-content\/uploads\/2014\/04\/2936024141_dd9ff61df8_o-Nadir-com-1-ano-de-idade.jpg\"><img aria-describedby=\"caption-attachment-981\" loading=\"lazy\" class=\"size-medium wp-image-981  \" alt=\"Nadir com 1 ano de idade\" src=\"http:\/\/polegarmente.me\/wp-content\/uploads\/2014\/04\/2936024141_dd9ff61df8_o-Nadir-com-1-ano-de-idade-200x300.jpg\" width=\"200\" height=\"300\" srcset=\"http:\/\/polegarmente.me\/wp-content\/uploads\/2014\/04\/2936024141_dd9ff61df8_o-Nadir-com-1-ano-de-idade-200x300.jpg 200w, http:\/\/polegarmente.me\/wp-content\/uploads\/2014\/04\/2936024141_dd9ff61df8_o-Nadir-com-1-ano-de-idade.jpg 427w\" sizes=\"(max-width: 200px) 100vw, 200px\" \/><\/a><p id=\"caption-attachment-981\" class=\"wp-caption-text\">Nadir Afonso com 1 ano<\/p><\/div>\n<div id=\"attachment_950\" style=\"width: 198px\" class=\"wp-caption aligncenter\"><a href=\"http:\/\/polegarmente.me\/wp-content\/uploads\/2014\/04\/14897943_M04Is-Nadir-Afonso-de-p\u00e9-e-seu-irm\u00e3o-Lereno.jpeg\"><img aria-describedby=\"caption-attachment-950\" loading=\"lazy\" class=\"size-medium wp-image-950   \" title=\"Nadir Afonso (de p\u00e9) com o seu irm\u00e3o Lereno\" alt=\" Nadir Afonso com 4 anos (de p\u00e9) e o seu irm\u00e3o Lereno\" src=\"http:\/\/polegarmente.me\/wp-content\/uploads\/2014\/04\/14897943_M04Is-Nadir-Afonso-de-p\u00e9-e-seu-irm\u00e3o-Lereno-188x300.jpeg\" width=\"188\" height=\"300\" srcset=\"http:\/\/polegarmente.me\/wp-content\/uploads\/2014\/04\/14897943_M04Is-Nadir-Afonso-de-p\u00e9-e-seu-irm\u00e3o-Lereno-188x300.jpeg 188w, http:\/\/polegarmente.me\/wp-content\/uploads\/2014\/04\/14897943_M04Is-Nadir-Afonso-de-p\u00e9-e-seu-irm\u00e3o-Lereno.jpeg 602w\" sizes=\"(max-width: 188px) 100vw, 188px\" \/><\/a><p id=\"caption-attachment-950\" class=\"wp-caption-text\">Nadir Afonso com 4 anos (de p\u00e9) e o seu irm\u00e3o Lereno<\/p><\/div>\n<p style=\"text-align: justify;\">Desde crian\u00e7a que a centelha criativa estava entranhada na sua natureza: &#8220;Aos quatro anos pinto o meu primeiro &#8216;quadro&#8217;: um c\u00edrculo vermelho na parede da sala de minha casa, de tal modo perfeito que ningu\u00e9m se atreveu a repreender-me. &#8216;Tu pintaste a parede, Riri?&#8217;, perguntou minha m\u00e3e. &#8216;Eu seria capaz de fazer uma roda t\u00e3o bem feitinha?&#8217;, respondi. E toda a minha exist\u00eancia se processou sob o signo do ritmo e da precis\u00e3o geom\u00e9trica.&#8221;[1]<\/p>\n<p style=\"text-align: justify;\">Nos raros momentos dial\u00f3gicos entre o artista-pintor e o artista-realizador percebe-se que \u00a0Nadir Afonso n\u00e3o \u00e9 apenas pintor, \u00e9 poeta que filosofa ou fil\u00f3sofo que poetisa sobre o homem, a arte e o cosmos.<\/p>\n<div id=\"attachment_982\" style=\"width: 229px\" class=\"wp-caption aligncenter\"><a href=\"http:\/\/polegarmente.me\/wp-content\/uploads\/2014\/04\/2936023961_0f274a551d_bNadir-Afonso-O-Fil\u00f3sofo-e-Pensador.jpg\"><img aria-describedby=\"caption-attachment-982\" loading=\"lazy\" class=\"size-medium wp-image-982 \" alt=\"Nadir Afonso - O Fil\u00f3sofo\" src=\"http:\/\/polegarmente.me\/wp-content\/uploads\/2014\/04\/2936023961_0f274a551d_bNadir-Afonso-O-Fil\u00f3sofo-e-Pensador-219x300.jpg\" width=\"219\" height=\"300\" srcset=\"http:\/\/polegarmente.me\/wp-content\/uploads\/2014\/04\/2936023961_0f274a551d_bNadir-Afonso-O-Fil\u00f3sofo-e-Pensador-219x300.jpg 219w, http:\/\/polegarmente.me\/wp-content\/uploads\/2014\/04\/2936023961_0f274a551d_bNadir-Afonso-O-Fil\u00f3sofo-e-Pensador.jpg 750w\" sizes=\"(max-width: 219px) 100vw, 219px\" \/><\/a><p id=\"caption-attachment-982\" class=\"wp-caption-text\">Nadir Afonso &#8211; O Fil\u00f3sofo que poetisa<\/p><\/div>\n<p style=\"text-align: justify;\">Segundo Nadir Afonso, \u201cO tempo n\u00e3o existe <em>a priori<\/em> na natureza. \u00c9 uma inven\u00e7\u00e3o humana gerada a partir dos movimentos dos corpos e do espa\u00e7o percorrido por eles.\u201d<br \/>\nConvoco Cioran, pensador romeno, para quem o nascimento do homem se d\u00e1 em simultaneidade com a perda da eternidade. A eternidade, que antecede a temporalidade e a individua\u00e7\u00e3o, \u00e9 o reino do uno primordial: &#8220;Depois de ter desbaratado a eternidade verdadeira, o homem cai no tempo, onde n\u00e3o conseguiu, sen\u00e3o prosperar, pelo menos viver: o que \u00e9 facto \u00e9 que ele se acomodou. O processo desta queda e deste acomodamento tem o nome de hist\u00f3ria.&#8221;[2]<\/p>\n<p style=\"text-align: justify;\">O realizador intuiu \u2013 para utilizar uma palavra nadiriana \u2013 que o artista simboliza o reencontro da arte com o cosmos e, por isso, acompanhou-o no deambular por entre as nuvens, a lua, os montes de tr\u00e1s e da frente, o rebanho e o feno.<\/p>\n<p style=\"text-align: justify;\"><a href=\"http:\/\/polegarmente.me\/wp-content\/uploads\/2014\/04\/06.jpg\"><img loading=\"lazy\" class=\"aligncenter size-medium wp-image-1030\" alt=\"06\" src=\"http:\/\/polegarmente.me\/wp-content\/uploads\/2014\/04\/06-300x162.jpg\" width=\"300\" height=\"162\" srcset=\"http:\/\/polegarmente.me\/wp-content\/uploads\/2014\/04\/06-300x162.jpg 300w, http:\/\/polegarmente.me\/wp-content\/uploads\/2014\/04\/06.jpg 932w\" sizes=\"(max-width: 300px) 100vw, 300px\" \/><\/a><\/p>\n<p style=\"text-align: justify;\"><a href=\"http:\/\/polegarmente.me\/wp-content\/uploads\/2014\/04\/1-1.jpg\"><img loading=\"lazy\" class=\"aligncenter size-medium wp-image-1022\" alt=\"1 (1)\" src=\"http:\/\/polegarmente.me\/wp-content\/uploads\/2014\/04\/1-1-300x164.jpg\" width=\"300\" height=\"164\" srcset=\"http:\/\/polegarmente.me\/wp-content\/uploads\/2014\/04\/1-1-300x164.jpg 300w, http:\/\/polegarmente.me\/wp-content\/uploads\/2014\/04\/1-1.jpg 474w\" sizes=\"(max-width: 300px) 100vw, 300px\" \/><\/a><\/p>\n<p style=\"text-align: justify;\"><a href=\"http:\/\/polegarmente.me\/wp-content\/uploads\/2014\/04\/4.jpg\"><img loading=\"lazy\" class=\"aligncenter size-medium wp-image-1023\" alt=\"4\" src=\"http:\/\/polegarmente.me\/wp-content\/uploads\/2014\/04\/4-300x168.jpg\" width=\"300\" height=\"168\" srcset=\"http:\/\/polegarmente.me\/wp-content\/uploads\/2014\/04\/4-300x168.jpg 300w, http:\/\/polegarmente.me\/wp-content\/uploads\/2014\/04\/4.jpg 720w\" sizes=\"(max-width: 300px) 100vw, 300px\" \/><\/a><\/p>\n<p><a href=\"http:\/\/polegarmente.me\/wp-content\/uploads\/2014\/04\/3.jpg\"><img loading=\"lazy\" class=\"aligncenter size-medium wp-image-1031\" alt=\"3\" src=\"http:\/\/polegarmente.me\/wp-content\/uploads\/2014\/04\/3-300x150.jpg\" width=\"300\" height=\"150\" srcset=\"http:\/\/polegarmente.me\/wp-content\/uploads\/2014\/04\/3-300x150.jpg 300w, http:\/\/polegarmente.me\/wp-content\/uploads\/2014\/04\/3.jpg 720w\" sizes=\"(max-width: 300px) 100vw, 300px\" \/><\/a><\/p>\n<p style=\"text-align: justify;\">Vislumbra-se, portanto, uma harmonia entre a perspectiva c\u00f3smica de Nadir Afonso, a partir da qual as obras surgem como reinven\u00e7\u00f5es, e as paisagens naturais filmadas por Jorge Campos.<br \/>\nE se a obra de arte \u00e9 universal e imperec\u00edvel, o artista que a cria tamb\u00e9m se erige numa pequena imortalidade que comunga da imutabilidade primordial.<br \/>\nO filme de Jorge Campos \u00e9 o derradeiro chamamento, o do olhar do espectador ante a ancestralidade das harmonias criativas onde o tempo nunca ter\u00e1 existido\u2026<\/p>\n<p>&nbsp;<\/p>\n<div id=\"attachment_952\" style=\"width: 297px\" class=\"wp-caption aligncenter\"><a href=\"http:\/\/polegarmente.me\/wp-content\/uploads\/2014\/04\/Cl\u00e9rigos-1941-Nadir-Afonso.jpg\"><img aria-describedby=\"caption-attachment-952\" loading=\"lazy\" class=\"size-medium wp-image-952\" alt=\"Cl\u00e9rigos, 1941\" src=\"http:\/\/polegarmente.me\/wp-content\/uploads\/2014\/04\/Cl\u00e9rigos-1941-Nadir-Afonso-287x300.jpg\" width=\"287\" height=\"300\" srcset=\"http:\/\/polegarmente.me\/wp-content\/uploads\/2014\/04\/Cl\u00e9rigos-1941-Nadir-Afonso-287x300.jpg 287w, http:\/\/polegarmente.me\/wp-content\/uploads\/2014\/04\/Cl\u00e9rigos-1941-Nadir-Afonso.jpg 344w\" sizes=\"(max-width: 287px) 100vw, 287px\" \/><\/a><p id=\"caption-attachment-952\" class=\"wp-caption-text\">Cl\u00e9rigos, 1941<\/p><\/div>\n<div id=\"attachment_953\" style=\"width: 310px\" class=\"wp-caption aligncenter\"><a href=\"http:\/\/polegarmente.me\/wp-content\/uploads\/2014\/04\/Metamorfoses-1943.jpg\"><img aria-describedby=\"caption-attachment-953\" loading=\"lazy\" class=\"size-medium wp-image-953\" alt=\"Metamorfoses, 1943\" src=\"http:\/\/polegarmente.me\/wp-content\/uploads\/2014\/04\/Metamorfoses-1943-300x211.jpg\" width=\"300\" height=\"211\" srcset=\"http:\/\/polegarmente.me\/wp-content\/uploads\/2014\/04\/Metamorfoses-1943-300x211.jpg 300w, http:\/\/polegarmente.me\/wp-content\/uploads\/2014\/04\/Metamorfoses-1943.jpg 420w\" sizes=\"(max-width: 300px) 100vw, 300px\" \/><\/a><p id=\"caption-attachment-953\" class=\"wp-caption-text\">Metamorfoses, 1943<\/p><\/div>\n<p style=\"text-align: justify;\">__________________________________________________<\/p>\n<p>[1] Nadir Afonso, Vis\u00e3o, 2007<br \/>\n[2] Cioran, La Chute dans le temps (1964),Paris, Gallimard,1995, p. 1156<\/p>\n<p>_________________________________________________<\/p>\n<p style=\"text-align: right;\">\u00a0Elsa Cerqueira<\/p>\n<div id=\"attachment_967\" style=\"width: 211px\" class=\"wp-caption aligncenter\"><a href=\"http:\/\/polegarmente.me\/wp-content\/uploads\/2014\/04\/13878956_H24zM-Nadir-Afonso-e-Am\u00e2ndio-Silva.jpeg\"><img aria-describedby=\"caption-attachment-967\" loading=\"lazy\" class=\"size-medium wp-image-967\" alt=\"Nadir Afonso e Am\u00e2ndio Silva\" src=\"http:\/\/polegarmente.me\/wp-content\/uploads\/2014\/04\/13878956_H24zM-Nadir-Afonso-e-Am\u00e2ndio-Silva-201x300.jpeg\" width=\"201\" height=\"300\" srcset=\"http:\/\/polegarmente.me\/wp-content\/uploads\/2014\/04\/13878956_H24zM-Nadir-Afonso-e-Am\u00e2ndio-Silva-201x300.jpeg 201w, http:\/\/polegarmente.me\/wp-content\/uploads\/2014\/04\/13878956_H24zM-Nadir-Afonso-e-Am\u00e2ndio-Silva.jpeg 335w\" sizes=\"(max-width: 201px) 100vw, 201px\" \/><\/a><p id=\"caption-attachment-967\" class=\"wp-caption-text\">Nadir Afonso e Am\u00e2ndio Silva<\/p><\/div>\n<div id=\"attachment_964\" style=\"width: 211px\" class=\"wp-caption aligncenter\"><a href=\"http:\/\/polegarmente.me\/wp-content\/uploads\/2014\/04\/11464792_yabHY-Nadir-no-rio-de-Janeiro-1952.jpeg\"><img aria-describedby=\"caption-attachment-964\" loading=\"lazy\" class=\"size-medium wp-image-964 \" alt=\"Nadir no rio de Janeiro, 1952\" src=\"http:\/\/polegarmente.me\/wp-content\/uploads\/2014\/04\/11464792_yabHY-Nadir-no-rio-de-Janeiro-1952-201x300.jpeg\" width=\"201\" height=\"300\" srcset=\"http:\/\/polegarmente.me\/wp-content\/uploads\/2014\/04\/11464792_yabHY-Nadir-no-rio-de-Janeiro-1952-201x300.jpeg 201w, http:\/\/polegarmente.me\/wp-content\/uploads\/2014\/04\/11464792_yabHY-Nadir-no-rio-de-Janeiro-1952.jpeg 336w\" sizes=\"(max-width: 201px) 100vw, 201px\" \/><\/a><p id=\"caption-attachment-964\" class=\"wp-caption-text\">Nadir Afonso no Rio de Janeiro, 1952<\/p><\/div>\n<p><img loading=\"lazy\" class=\"aligncenter size-full wp-image-959\" alt=\"Nadir Afonso3\" src=\"http:\/\/polegarmente.me\/wp-content\/uploads\/2014\/04\/Nadir-Afonso3.jpg\" width=\"200\" height=\"202\" \/><\/p>\n<p><a href=\"http:\/\/polegarmente.me\/wp-content\/uploads\/2014\/04\/imagem-postal-olivia-da-sil2.jpg\"><img loading=\"lazy\" class=\"aligncenter size-medium wp-image-1032\" alt=\"imagem-postal-olivia-da-sil\" src=\"http:\/\/polegarmente.me\/wp-content\/uploads\/2014\/04\/imagem-postal-olivia-da-sil2-300x150.jpg\" width=\"300\" height=\"150\" srcset=\"http:\/\/polegarmente.me\/wp-content\/uploads\/2014\/04\/imagem-postal-olivia-da-sil2-300x150.jpg 300w, http:\/\/polegarmente.me\/wp-content\/uploads\/2014\/04\/imagem-postal-olivia-da-sil2.jpg 320w\" sizes=\"(max-width: 300px) 100vw, 300px\" \/><\/a><\/p>\n<p><a href=\"http:\/\/polegarmente.me\/wp-content\/uploads\/2014\/04\/Nadir-Afonso.jpg\"><img loading=\"lazy\" class=\"aligncenter size-medium wp-image-954\" alt=\"Nadir Afonso\" src=\"http:\/\/polegarmente.me\/wp-content\/uploads\/2014\/04\/Nadir-Afonso-300x195.jpg\" width=\"300\" height=\"195\" srcset=\"http:\/\/polegarmente.me\/wp-content\/uploads\/2014\/04\/Nadir-Afonso-300x195.jpg 300w, http:\/\/polegarmente.me\/wp-content\/uploads\/2014\/04\/Nadir-Afonso.jpg 1024w\" sizes=\"(max-width: 300px) 100vw, 300px\" \/><\/a><\/p>\n<p><a href=\"http:\/\/polegarmente.me\/wp-content\/uploads\/2014\/04\/Nadir-e-Jorge-Campos.jpg\"><img loading=\"lazy\" class=\"aligncenter size-medium wp-image-957\" alt=\"Nadir e Jorge Campos\" src=\"http:\/\/polegarmente.me\/wp-content\/uploads\/2014\/04\/Nadir-e-Jorge-Campos-300x225.jpg\" width=\"300\" height=\"225\" srcset=\"http:\/\/polegarmente.me\/wp-content\/uploads\/2014\/04\/Nadir-e-Jorge-Campos-300x225.jpg 300w, http:\/\/polegarmente.me\/wp-content\/uploads\/2014\/04\/Nadir-e-Jorge-Campos-240x180.jpg 240w, http:\/\/polegarmente.me\/wp-content\/uploads\/2014\/04\/Nadir-e-Jorge-Campos.jpg 480w\" sizes=\"(max-width: 300px) 100vw, 300px\" \/><\/a><\/p>\n<p><iframe loading=\"lazy\" width=\"500\" height=\"281\" src=\"http:\/\/www.youtube.com\/embed\/7Akrt83hJYM?feature=oembed\" frameborder=\"0\" allowfullscreen><\/iframe><\/p>\n<p><iframe loading=\"lazy\" width=\"500\" height=\"281\" src=\"http:\/\/www.youtube.com\/embed\/HNnxVxjJmSk?feature=oembed\" frameborder=\"0\" allowfullscreen><\/iframe><\/p>\n","protected":false},"excerpt":{"rendered":"<p>&nbsp; &nbsp; &nbsp; &nbsp; &nbsp; &nbsp; Ficha T\u00e9cnica: T\u00edtulo: Nadir Afonso \u2013 O tempo n\u00e3o existe Realiza\u00e7\u00e3o: Jorge Campos Fotografias: Ol\u00edvia da Silva M\u00fasica: Dimitris Andrikopoulos G\u00e9nero: Document\u00e1rio Coprodu\u00e7\u00e3o: Funda\u00e7\u00e3o Nadir Afonso, ESMAE, Vig\u00edlia Filmes. Portugal, 2012, 55\u2019 Harmonias Criativas O document\u00e1rio Nadir Afonso \u2013 o tempo n\u00e3o existe\u00a0\u00e9 a objectiva\u00e7\u00e3o de chamamentos d\u00edspares que [&hellip;]<\/p>\n","protected":false},"author":1,"featured_media":0,"comment_status":"open","ping_status":"open","sticky":false,"template":"","format":"standard","meta":[],"categories":[2],"tags":[],"_links":{"self":[{"href":"http:\/\/polegarmente.me\/index.php?rest_route=\/wp\/v2\/posts\/947"}],"collection":[{"href":"http:\/\/polegarmente.me\/index.php?rest_route=\/wp\/v2\/posts"}],"about":[{"href":"http:\/\/polegarmente.me\/index.php?rest_route=\/wp\/v2\/types\/post"}],"author":[{"embeddable":true,"href":"http:\/\/polegarmente.me\/index.php?rest_route=\/wp\/v2\/users\/1"}],"replies":[{"embeddable":true,"href":"http:\/\/polegarmente.me\/index.php?rest_route=%2Fwp%2Fv2%2Fcomments&post=947"}],"version-history":[{"count":57,"href":"http:\/\/polegarmente.me\/index.php?rest_route=\/wp\/v2\/posts\/947\/revisions"}],"predecessor-version":[{"id":1035,"href":"http:\/\/polegarmente.me\/index.php?rest_route=\/wp\/v2\/posts\/947\/revisions\/1035"}],"wp:attachment":[{"href":"http:\/\/polegarmente.me\/index.php?rest_route=%2Fwp%2Fv2%2Fmedia&parent=947"}],"wp:term":[{"taxonomy":"category","embeddable":true,"href":"http:\/\/polegarmente.me\/index.php?rest_route=%2Fwp%2Fv2%2Fcategories&post=947"},{"taxonomy":"post_tag","embeddable":true,"href":"http:\/\/polegarmente.me\/index.php?rest_route=%2Fwp%2Fv2%2Ftags&post=947"}],"curies":[{"name":"wp","href":"https:\/\/api.w.org\/{rel}","templated":true}]}}